{"id":2007741,"date":"2023-01-05T08:59:46","date_gmt":"2023-01-05T08:59:46","guid":{"rendered":"https:\/\/switzerlanding.com\/10-beruehmte-schweizer-bergsteiger-grossartig-inspirierend\/"},"modified":"2023-01-06T03:16:33","modified_gmt":"2023-01-06T03:16:33","slug":"schweizer-bergsteiger","status":"publish","type":"post","link":"https:\/\/switzerlanding.com\/de\/schweizer-bergsteiger\/","title":{"rendered":"10 Ber\u00fchmte Schweizer Bergsteiger (Grossartig &amp; Inspirierend)"},"content":{"rendered":"\n<p>Bergsteigen ist der Sport, bei dem man versucht, hoch gelegene Punkte in den Gebirgsregionen der Welt zu erreichen oder zu besteigen. Im weiteren Sinne kann sich das Bergsteigen auch auf eine mittelschwere Wanderung zum Gipfel eines Mittelgebirges beziehen. Aber im wahrsten Sinne des Wortes ist das Bergsteigen der Inbegriff des Nervenkitzels, der sich aus dem waghalsigen Ausprobieren der eigenen Kraft und des Mutes ergibt, um k\u00f6rperliche und geistige Befriedigung zu erlangen.<\/p>\n\n\n\n<p>Mit den hoch aufragenden Alpen im Herzen war die Schweiz die Heimat mutiger Bergsteiger wie der folgenden.<\/p><div id=\"optin-modal\"><div id=\"cbox-BRlfvSz4W1GUO1Mo\"><\/div><\/div>\n\n\n\n<h2 class=\"wp-block-heading\">Erhard Loretan<\/h2>\n\n\n\n<p>Erhard Loretan wurde im Kanton Freiburg geboren und lebte zwischen 1959 und 2011. Er begann im Alter von 11 Jahren mit dem Bergsteigen und unternahm 1980 seine erste offizielle Expedition in die <a href=\"https:\/\/www.britannica.com\/place\/Andes-Mountains\" target=\"_blank\" rel=\"noreferrer noopener\">Anden<\/a>. Im Jahr 1982 begann er mit der Besteigung von Gipfeln, die 8.000 oder mehr Meter \u00fcber dem Meeresspiegel liegen, darunter der t\u00f6dliche <a href=\"https:\/\/www.summitpost.org\/nanga-parbat\/150276\" target=\"_blank\" rel=\"noreferrer noopener\">Nanga Parbat<\/a> mit 8.126 Metern im westlichen Himalaya. Aber die Besteigung, die die Welt des Bergsteigens ersch\u00fctterte, war die n\u00e4chtliche Besteigung des <a href=\"https:\/\/education.nationalgeographic.org\/resource\/mount-everest\" target=\"_blank\" rel=\"noreferrer noopener\">Mount Everest<\/a> in 40 Stunden und ohne zus\u00e4tzlichen Sauerstoff mit dem Bergsteiger <a href=\"https:\/\/www.troillet.ch\/\" target=\"_blank\" rel=\"noreferrer noopener\">Jean Troillet<\/a>.<\/p>\n\n\n\n<p>Im Alter von 36 Jahren war Loretan der dritte Mensch, der alle <a href=\"https:\/\/www.earthobservatory.nasa.gov\/features\/8000MeterPeaks\" target=\"_blank\" rel=\"noreferrer noopener\">14 Achttausender<\/a> bestiegen hat. Er hat 13 von ihnen in 13 Jahren bestiegen. Dann bestieg er 1995 den <a href=\"https:\/\/www.britannica.com\/place\/Kanchenjunga\" target=\"_blank\" rel=\"noreferrer noopener\">Kangchenjunga<\/a> im Himalaya, den schwierigsten der Achttausender, der zu besteigen ist. Nachdem er den Kangchenjunga bestiegen hatte, kehrte er in die Antarktis zur\u00fcck, um im Alleingang einen namenlosen Gipfel zu besteigen, der ihm zuvor aufgefallen war. Der Gipfel hei\u00dft jetzt Peak Loretan.<\/p>\n\n\n\n<p>Im Jahr 2001 erlitt Loretan eine Familientrag\u00f6die, als er seinen kleinen Sohn sch\u00fcttelte, damit er aufh\u00f6rte zu weinen. Dies f\u00fchrte zum Tod des S\u00e4uglings. Er beschloss, seinen Namen der Presse mitzuteilen, um das Bewusstsein f\u00fcr das damals noch weitgehend unbekannte Sch\u00fcttelbabysyndrom (SBS) zu sch\u00e4rfen.<\/p>\n\n\n\n<p>Im April 2011 st\u00fcrzten Loretan und sein Partner beim Klettern am <a href=\"https:\/\/www.outdooractive.com\/en\/route\/mountain-hike\/kleinwalsertal\/about-the-gruenhorn\/66033260\/\" target=\"_blank\" rel=\"noreferrer noopener\">Gr\u00fcnhorn<\/a> in den Schweizer Alpen 200 Meter ab. Der Unfall ereignete sich, als sein Partner ausrutschte. Die beiden waren mit einem Seil aneinander gebunden. Sein Partner \u00fcberlebte den Sturz mit schweren Verletzungen, aber Loretan starb. Es war sein 52. Geburtstag.<\/p>\n\n\n\n<h2 class=\"wp-block-heading\">Ueli Steck<\/h2>\n\n\n<div class=\"wp-block-image\">\n<figure class=\"aligncenter size-full is-resized\"><img loading=\"lazy\" decoding=\"async\" src=\"https:\/\/switzerlanding.com\/wp-content\/uploads\/2023\/01\/Ueli-Steck.jpg\" alt=\"Ueli Steck\" class=\"wp-image-2007736\" width=\"450\" height=\"675\" srcset=\"https:\/\/switzerlanding.com\/wp-content\/uploads\/2023\/01\/Ueli-Steck.jpg 600w, https:\/\/switzerlanding.com\/wp-content\/uploads\/2023\/01\/Ueli-Steck-200x300.jpg 200w\" sizes=\"auto, (max-width: 450px) 100vw, 450px\" \/><figcaption class=\"wp-element-caption\">Ueli Steck &#8211; Bild via <a href=\"https:\/\/upload.wikimedia.org\/wikipedia\/commons\/thumb\/1\/1f\/Ueli_Steck.jpg\/1024px-Ueli_Steck.jpg\" target=\"_blank\" rel=\"noreferrer noopener\">Wikimedia<\/a><\/figcaption><\/figure>\n<\/div>\n\n\n<p>Ueli Steck wurde 1976 in Langnau im Emmental im Kanton Bern geboren. Er ist vor allem daf\u00fcr bekannt, dass er der erste Bergsteiger war, der den <a href=\"https:\/\/www.britannica.com\/place\/Annapurna\" target=\"_blank\" rel=\"noreferrer noopener\">Annapurna<\/a> \u00fcber die S\u00fcdwand allein bestiegen hat. Der <a href=\"https:\/\/www.britannica.com\/place\/Annapurna\" target=\"_blank\" rel=\"noreferrer noopener\">Annapurna<\/a> liegt im Norden Nepals und ist mit 8.091 Metern \u00fcber dem Meeresspiegel der zehnth\u00f6chste Berg der Welt.<\/p>\n\n\n\n<p>Bereits mit 17 Jahren erreichte Steck den 9. Schwierigkeitsgrad des Internationalen Verbandes f\u00fcr Klettern und Bergsteigen (UIAA). Im Alter von 18 Jahren bestieg er den <a href=\"https:\/\/www.summitpost.org\/the-fall-of-the-alps\/794108\" target=\"_blank\" rel=\"noreferrer noopener\">Bonatti-Pfeiler<\/a> im Mont-Blanc-Massiv und die Eigernordwand in den Berner Alpen.<\/p>\n\n\n\n<p>Steck stellte auch einen Geschwindigkeitsrekord auf, indem er die Eigernordwand in 3 Stunden und 54 Minuten durchstieg. Dies gelang ihm im Jahr 2007 im Alter von 31 Jahren. Im folgenden Jahr verbesserte er seinen eigenen Rekord auf 2 Stunden 47 Minuten 33 Sekunden. Er war der erste Empf\u00e4nger des Eiger Award im Jahr 2008.<\/p>\n\n\n\n<p>Nach mehreren weiteren erstaunlichen Besteigungen starb Steck am 30. April 2017, als er sich f\u00fcr eine Besteigung des Westgrats des Mount Everest ohne zus\u00e4tzlichen Sauerstoff akklimatisierte.<\/p>\n\n\n\n<h2 class=\"wp-block-heading\">Matthias Zurbriggen<\/h2>\n\n\n<div class=\"wp-block-image\">\n<figure class=\"aligncenter size-full\"><img loading=\"lazy\" decoding=\"async\" width=\"200\" height=\"435\" src=\"https:\/\/switzerlanding.com\/wp-content\/uploads\/2023\/01\/Matthias-Zurbriggen.png\" alt=\"Matthias Zurbriggen\" class=\"wp-image-2007675\" srcset=\"https:\/\/switzerlanding.com\/wp-content\/uploads\/2023\/01\/Matthias-Zurbriggen.png 200w, https:\/\/switzerlanding.com\/wp-content\/uploads\/2023\/01\/Matthias-Zurbriggen-138x300.png 138w\" sizes=\"auto, (max-width: 200px) 100vw, 200px\" \/><figcaption class=\"wp-element-caption\">Matthias Zurbriggen &#8211; Bild mit freundlicher Genehmigung von <a href=\"https:\/\/commons.wikimedia.org\/wiki\/File:Mathias_Zurbriggen,_before_1902.jpg\" target=\"_blank\" rel=\"noreferrer noopener nofollow\">Wikimedia<\/a><\/figcaption><\/figure>\n<\/div>\n\n\n<p>Matthias Zurbriggen wurde 1856 in Saas-Fee, einem <a href=\"https:\/\/switzerlanding.com\/mountain-resorts-switzerland\/\" target=\"_blank\" rel=\"noreferrer noopener\">Bergdorf<\/a> in der Schweiz, geboren. Ber\u00fchmt wurde er durch die Besteigung von Gipfeln in den Anden, in den Alpen, im Himalaya und in Neuseeland. Sein bekanntester erster Akzent war der <a href=\"https:\/\/www.britannica.com\/place\/Mount-Aconcagua\" target=\"_blank\" rel=\"noreferrer noopener\">Aconcagua<\/a> in Argentinien. Mit 6.961 Metern \u00fcber dem Meeresspiegel ist er der h\u00f6chste Berg Amerikas. Er bestieg ihn im Januar 1897 allein im Rahmen einer Expedition unter der Leitung von <a href=\"https:\/\/en.wikipedia.org\/wiki\/Edward_FitzGerald_(mountaineer)\" target=\"_blank\" rel=\"noreferrer noopener\">Edward FitzGerald<\/a>. Zusammen mit dem Engl\u00e4nder Stuart Vines gelang ihm auf der gleichen Expedition die Erstbesteigung des <a href=\"https:\/\/www.britannica.com\/place\/Mount-Tupungato\" target=\"_blank\" rel=\"noreferrer noopener\">Tupungato<\/a>.<\/p>\n\n\n\n<p>Im M\u00e4rz 1895 gelang ihm die Erstbesteigung eines Bergr\u00fcckens am <a href=\"https:\/\/www.newzealand.com\/int\/feature\/national-parks-aoraki-mount-cook\/\" target=\"_blank\" rel=\"noreferrer noopener\">Aoraki \/ Mount Cook<\/a>, dem h\u00f6chsten Berg Neuseelands. Ihm zu Ehren wird der Grat heute <a href=\"https:\/\/mapcarta.com\/24764022\" target=\"_blank\" rel=\"noreferrer noopener\">Zurbriggen Ridge<\/a> genannt. Er verpasste die Erstbesteigung des Mount Cook, die einige Monate zuvor, am Weihnachtstag 1894, einer Gruppe neuseel\u00e4ndischer Bergsteiger gelungen war.<\/p>\n\n\n\n<p>Zurbiggens Verm\u00f6gen schwand im Laufe seines Lebens. Er lebte als Landstreicher in der Schweiz und erh\u00e4ngte sich 1917 in Genf.<\/p>\n\n\n\n<h2 class=\"wp-block-heading\">Horace B\u00e9n\u00e9dict de Saussure<\/h2>\n\n\n<div class=\"wp-block-image\">\n<figure class=\"aligncenter size-full\"><img loading=\"lazy\" decoding=\"async\" width=\"500\" height=\"765\" src=\"https:\/\/switzerlanding.com\/wp-content\/uploads\/2023\/01\/Horace-Benedict-de-Saussure.png\" alt=\"Horace B\u00e9n\u00e9dict de Saussure\" class=\"wp-image-2007678\" srcset=\"https:\/\/switzerlanding.com\/wp-content\/uploads\/2023\/01\/Horace-Benedict-de-Saussure.png 500w, https:\/\/switzerlanding.com\/wp-content\/uploads\/2023\/01\/Horace-Benedict-de-Saussure-196x300.png 196w\" sizes=\"auto, (max-width: 500px) 100vw, 500px\" \/><figcaption class=\"wp-element-caption\">Horace B\u00e9n\u00e9dict de Saussure &#8211; Bild mit freundlicher Genehmigung von <a href=\"https:\/\/commons.wikimedia.org\/wiki\/File:Horace_B%C3%A9n%C3%A9dict_de_Saussure._Line_engraving_by_C._S._Pradier_Wellcome_V0005228.jpg\" target=\"_blank\" rel=\"noreferrer noopener nofollow\">Wikimedia<\/a><\/figcaption><\/figure>\n<\/div>\n\n\n<p>Horace B\u00e9n\u00e9dict de Saussure lebte zwischen 1740 und 1799. Er war nicht nur Bergsteiger, sondern auch ein hervorragender Genfer Geologe, Physiker und Meteorologe. Er gilt als Begr\u00fcnder des Alpinismus und der modernen Meteorologie und baute den ersten erfolgreichen Solarofen. Er entwickelte auch ein verbessertes Hygrometer, ein Instrument zur Messung der Luftfeuchtigkeit.<\/p>\n\n\n\n<p>Saussure war Professor f\u00fcr Physik und Philosophie an der Akademie von Genf. Was das Bergsteigen betrifft, so wollte er mit dem Bergf\u00fchrer Jean-Laurent Jordaney den Gipfel des <a href=\"https:\/\/www.britannica.com\/place\/Mont-Blanc-mountain-Europe\" target=\"_blank\" rel=\"noreferrer noopener\">Mont-Blanc<\/a> auf der Seite des Val Veny erreichen. Er bestieg auch den <a href=\"https:\/\/www.summitpost.org\/buet-mont\/151207\" target=\"_blank\" rel=\"noreferrer noopener\">Berg Buet<\/a>, einen 3.096 Meter hohen Gipfel in den <a href=\"https:\/\/www.outdooractive.com\/en\/mountain-hikes\/chablais-alps\/mountain-hikes-in-the-chablais-alps\/10130359\/\" target=\"_blank\" rel=\"noreferrer noopener\">Chablais-Alpen<\/a> in Haute-Savoie, Frankreich. Zu seinen weiteren bemerkenswerten Besteigungen geh\u00f6ren der <a href=\"https:\/\/www.summitpost.org\/mont-crammont\/152639\" target=\"_blank\" rel=\"noreferrer noopener\">Crammont<\/a> in den Jahren 1774 und 1778 und der <a href=\"https:\/\/mapcarta.com\/18333630\" target=\"_blank\" rel=\"noreferrer noopener\">Roche Michel<\/a> \u00fcber den Mont Cenis-Pass im Jahr 1780.<\/p>\n\n\n\n<p>Er starb im Alter von 59 Jahren offenbar eines nat\u00fcrlichen Todes.<\/p>\n\n\n\n<h2 class=\"wp-block-heading\">Sophie Lavaud<\/h2>\n\n\n\n<figure class=\"wp-block-image size-full\"><img loading=\"lazy\" decoding=\"async\" width=\"800\" height=\"533\" src=\"https:\/\/switzerlanding.com\/wp-content\/uploads\/2023\/01\/Sophie-Lavaud.png\" alt=\"Sophie Lavaud\" class=\"wp-image-2007680\" srcset=\"https:\/\/switzerlanding.com\/wp-content\/uploads\/2023\/01\/Sophie-Lavaud.png 800w, https:\/\/switzerlanding.com\/wp-content\/uploads\/2023\/01\/Sophie-Lavaud-600x400.png 600w, https:\/\/switzerlanding.com\/wp-content\/uploads\/2023\/01\/Sophie-Lavaud-300x200.png 300w, https:\/\/switzerlanding.com\/wp-content\/uploads\/2023\/01\/Sophie-Lavaud-768x512.png 768w\" sizes=\"auto, (max-width: 800px) 100vw, 800px\" \/><figcaption class=\"wp-element-caption\">Sophie Lavaud &#8211; Bild mit freundlicher Genehmigung von <a href=\"https:\/\/commons.wikimedia.org\/wiki\/File:Sophie_lavaud_fev_2018.jpg\" target=\"_blank\" rel=\"noreferrer noopener nofollow\">Wikimedia<\/a><\/figcaption><\/figure>\n\n\n\n<p>Sophie Lavaud wurde 1968 in Lausanne geboren, besitzt die schweizerische, kanadische und franz\u00f6sische Staatsb\u00fcrgerschaft und lebt heute in Genf. Zuvor war sie in der Hotelbranche und in der Luxus- und Kosmetikindustrie t\u00e4tig, bevor sie zusammen mit ihrem Bruder ein Eventmanagement-Unternehmen betrieb. Heute ist sie Beraterin f\u00fcr externe Angelegenheiten bei futura21, einem Coaching-Institut.<\/p>\n\n\n\n<p>Sophie verbringt einen Gro\u00dfteil ihrer Zeit beim Bergsteigen im Himalaya. Sie ist die erste Schweizerin und Franz\u00f6sin, die 12 Achttausender-Gipfel erklommen hat. Zu ihren Eroberungen geh\u00f6ren der Mount Everest, der <a href=\"https:\/\/www.summitpost.org\/shisha-pangma\/150807\" target=\"_blank\" rel=\"noopener\">Shishapangma (Zentralgipfel)<\/a>, der <a href=\"https:\/\/www.britannica.com\/place\/Makalu\" target=\"_blank\" rel=\"noreferrer noopener\">Makalu<\/a>, der Gasherbrum II, der Cho Oyu, der K2 und der <a href=\"https:\/\/www.summitpost.org\/manaslu\/150687\" target=\"_blank\" rel=\"noreferrer noopener\">Broad Peak Manaslu<\/a>. Im Jahr 2019 hat sie Annapurna1, Kangchenjunga und Gasherbrum I bestiegen. Sie hat den <a href=\"https:\/\/www.britannica.com\/place\/Dhaulagiri\" target=\"_blank\" rel=\"noreferrer noopener\">Dhaulagiri<\/a> im Jahr 2021 und den <a href=\"https:\/\/www.britannica.com\/place\/Lhotse\" target=\"_blank\" rel=\"noreferrer noopener\">Lhotse<\/a> im Jahr 2022 bestiegen. Sie ist die erste Schweizerin, Franz\u00f6sin und Kanadierin, die es auf den Gipfel des Annapurna1 und des Kangchenjunga geschafft hat.<\/p>\n\n\n\n<h2 class=\"wp-block-heading\">Ernst Reiss<\/h2>\n\n\n<div class=\"wp-block-image\">\n<figure class=\"aligncenter size-full\"><img loading=\"lazy\" decoding=\"async\" width=\"650\" height=\"729\" src=\"https:\/\/switzerlanding.com\/wp-content\/uploads\/2023\/01\/Ernst-Reiss.png\" alt=\"Ernst Reiss\" class=\"wp-image-2007682\" srcset=\"https:\/\/switzerlanding.com\/wp-content\/uploads\/2023\/01\/Ernst-Reiss.png 650w, https:\/\/switzerlanding.com\/wp-content\/uploads\/2023\/01\/Ernst-Reiss-600x673.png 600w, https:\/\/switzerlanding.com\/wp-content\/uploads\/2023\/01\/Ernst-Reiss-267x300.png 267w\" sizes=\"auto, (max-width: 650px) 100vw, 650px\" \/><figcaption class=\"wp-element-caption\">Ernst Reiss &#8211; Bild mit freundlicher Genehmigung von <a href=\"https:\/\/commons.wikimedia.org\/wiki\/File:Ernst_Reiss_1956.jpg\" target=\"_blank\" rel=\"noreferrer noopener nofollow\">Wikimedia<\/a><\/figcaption><\/figure>\n<\/div>\n\n\n<p>Der Schweizer Bergsteiger Ernst Reiss wurde 1920 in Davos geboren und starb 2010 in Basel im Alter von 90 Jahren eines nat\u00fcrlichen Todes. 1956 gelang es Reiss und seinem Bergsteiger-Kollegen Fritz Luchsinger als ersten, den 8.516 Meter hohen Lhotse, den vierth\u00f6chsten Berg der Erde, zu besteigen. Ihre Kollegen J\u00fcrg Marmet und Ernst Schmied erreichten den Gipfel als zweite, D\u00f6lf Reist und Hansruedi von Gunten einen Tag sp\u00e4ter.<\/p>\n\n\n\n<h2 class=\"wp-block-heading\">Fritz Luchsinger<\/h2>\n\n\n<div class=\"wp-block-image\">\n<figure class=\"aligncenter size-full\"><img loading=\"lazy\" decoding=\"async\" width=\"565\" height=\"700\" src=\"https:\/\/switzerlanding.com\/wp-content\/uploads\/2023\/01\/Fritz-Luchsinger.png\" alt=\"Fritz Luchsinger\" class=\"wp-image-2007684\" srcset=\"https:\/\/switzerlanding.com\/wp-content\/uploads\/2023\/01\/Fritz-Luchsinger.png 565w, https:\/\/switzerlanding.com\/wp-content\/uploads\/2023\/01\/Fritz-Luchsinger-242x300.png 242w\" sizes=\"auto, (max-width: 565px) 100vw, 565px\" \/><figcaption class=\"wp-element-caption\">Fritz Luchsinger &#8211; Bild mit freundlicher Genehmigung von <a href=\"https:\/\/commons.wikimedia.org\/wiki\/File:Fritz_Luchsinger_1956.jpg\" target=\"_blank\" rel=\"noreferrer noopener nofollow\">Wikimedia<\/a><\/figcaption><\/figure>\n<\/div>\n\n\n<p>Der Schweizer Alpinist Fritz Luchsinger wurde 1921 in St. Gallen geboren. Sein Vorfahre Jacob Geiger war Ausbildungsoffizier in der Schweizer Armee und wanderte 1851 in die USA aus. Viele seiner Nachkommen leben in der Gegend von New Glarus in Wisconsin.<\/p>\n\n\n\n<p>Zusammen mit seinem Bergsteigergef\u00e4hrten Ernst Reis gelang Luchsinger am 8. Mai 1956 die Erstbesteigung des Lhotse, des vierth\u00f6chsten Berges der Erde. Er erkrankte an einer akuten Blinddarmentz\u00fcndung und musste sich im <a href=\"https:\/\/www.komoot.com\/highlight\/628575\" target=\"_blank\" rel=\"noreferrer noopener\">Kloster Tengboche<\/a> erholen.<\/p>\n\n\n\n<p>1983 starb Luchsinger an einem Lungen\u00f6dem, nachdem er versucht hatte, den Shishapangma, den vierzehnth\u00f6chsten Berg der Welt, zu besteigen.<\/p>\n\n\n\n<h2 class=\"wp-block-heading\">Melchior Anderegg<\/h2>\n\n\n\n<p>Melchior Anderegg lebte in den Jahren 1828 bis 1914. Der <a href=\"https:\/\/switzerlanding.com\/mountains-switzerland\/\" target=\"_blank\" rel=\"noreferrer noopener\">Schweizer Bergf\u00fchrer<\/a> aus Zaun, Meiringen, war der erste, der w\u00e4hrend des so genannten goldenen und silbernen Zeitalters des Alpinismus viele bedeutende Gipfel in den Westalpen bezwang. Die meisten von Andereggs Kunden waren Briten, darunter der ber\u00fchmte Schriftsteller und Kritiker <a href=\"https:\/\/www.britannica.com\/biography\/Leslie-Stephen\" target=\"_blank\" rel=\"noreferrer noopener\">Leslie Stephen<\/a>.<\/p>\n\n\n\n<p>Anderegg kletterte mit Mitgliedern der Familie Walker, darunter Lucy und Horace Walker, und mit Florence Crauford Grove. Zu seinem hundertsten Geburtstag wurde in der N\u00e4he seines Geburtshauses im schweizerischen Haslital eine neue Skulptur aufgestellt.<\/p>\n\n\n\n<h2 class=\"wp-block-heading\">Peter Taugwalder<\/h2>\n\n\n\n<p>Der aus Zermatt stammende Peter Taugwalder wurde 1820 geboren und starb im Juli 1888. Er und sein gleichnamiger Sohn waren Schweizer Bergsteiger und Bergf\u00fchrer. Beide Taugwalder geh\u00f6rten zu den sieben M\u00e4nnern, die 1865 die Erstbesteigung des ber\u00fchmten Matterhorns wagten. Taughwalder, sein Sohn und Edward Whymper waren die einzigen \u00dcberlebenden.<\/p>\n\n\n\n<p>Taugwalder war auch der erste, der 1869 das <a href=\"https:\/\/www.summitpost.org\/hohberghorn\/150728\" target=\"_blank\" rel=\"noreferrer noopener\">Hohberghorn<\/a> und 1864 Pollux bestieg. Zu seinen weiteren bemerkenswerten Besteigungen geh\u00f6ren die <a href=\"https:\/\/www.zermatt.ch\/en\/Media\/Attractions\/Dunantspitze\" target=\"_blank\" rel=\"noreferrer noopener\">Dunantspitze<\/a> im Jahr 1851 und das <a href=\"https:\/\/www.summitpost.org\/obergabelhorn-ober-gabelhorn\/150252\" target=\"_blank\" rel=\"noreferrer noopener\">Ober Gabelhorn<\/a> im Jahr 1865.<\/p>\n\n\n\n<p>Taugwalders Verhalten wurde im Zusammenhang mit der schrecklichen Matterhorn-Katastrophe untersucht, aber er wurde von jeglichem Fehlverhalten freigesprochen. Dennoch wurde er von anderen Bergsteigern beschuldigt. Er gab seine Arbeit als Fremdenf\u00fchrer auf und wanderte einige Jahre nach dem Unfall nach Nordamerika aus. Er kehrte nach Zermall zur\u00fcck und starb in der N\u00e4he des Schwarzsees.<\/p>\n\n\n\n<h2 class=\"wp-block-heading\">Jean Troillet<\/h2>\n\n\n<div class=\"wp-block-image\">\n<figure class=\"aligncenter size-full\"><img loading=\"lazy\" decoding=\"async\" width=\"400\" height=\"492\" src=\"https:\/\/switzerlanding.com\/wp-content\/uploads\/2023\/01\/Jean-Troillet.png\" alt=\"Jean Troillet\" class=\"wp-image-2007686\" srcset=\"https:\/\/switzerlanding.com\/wp-content\/uploads\/2023\/01\/Jean-Troillet.png 400w, https:\/\/switzerlanding.com\/wp-content\/uploads\/2023\/01\/Jean-Troillet-244x300.png 244w\" sizes=\"auto, (max-width: 400px) 100vw, 400px\" \/><figcaption class=\"wp-element-caption\">Photo \u00a9 <a href=\"https:\/\/www.troillet.ch\/\" target=\"_blank\" rel=\"noreferrer noopener\">Jean Troillet<\/a><\/figcaption><\/figure>\n<\/div>\n\n\n<p> <a href=\"https:\/\/www.troillet.ch\/\" target=\"_blank\" rel=\"noreferrer noopener\">Jean Troillet<\/a>, geboren 1948 in Orsi\u00e8res, Wallis, Schweiz, ist professioneller Bergsteiger und hat seit 1969 eine Bergf\u00fchrerausbildung. Im Alter von 21 Jahren stellte er den Rekord auf, das Matterhorn in 4 Stunden und 10 Minuten zu besteigen. Er hat 10 Gipfel \u00fcber 8.000 Meter bestiegen, alle ohne zus\u00e4tzlichen Sauerstoff, was dem wahren alpinen Stil entspricht.<\/p>\n\n\n\n<p>Troillet bestieg 1986 den Everest und stellte zusammen mit Erhard Loretan den Geschwindigkeitsrekord f\u00fcr die Besteigung der Nordwand auf: 40 Stunden bis zum Gipfel und zur\u00fcck. Troillet war auch der erste, der auf einem Snowboard vom<a href=\"https:\/\/en.wikipedia.org\/wiki\/Roof_of_the_World\" target=\"_blank\" rel=\"noreferrer noopener\">&#8220;Dach der Welt<\/a>&#8221; in Asien abstieg.<\/p>\n<div id=\"cbox-MK1RyCaD7WIHgKVl\"><\/div><\/p>","protected":false},"excerpt":{"rendered":"<p>Bergsteigen ist der Sport, bei dem man versucht, hoch gelegene Punkte in den Gebirgsregionen der Welt zu erreichen oder zu besteigen. Im weiteren Sinne kann sich das Bergsteigen auch auf eine mittelschwere Wanderung zum Gipfel eines Mittelgebirges beziehen. Aber im wahrsten Sinne des Wortes ist das Bergsteigen der Inbegriff des Nervenkitzels, der sich aus dem [&#8230;]<\/p>\n<p><a class=\"btn btn-secondary understrap-read-more-link\" href=\"https:\/\/switzerlanding.com\/de\/schweizer-bergsteiger\/\">Weiterlesen\u00a0\u2026<span class=\"screen-reader-text\"> from 10 Ber\u00fchmte Schweizer Bergsteiger (Grossartig &amp; Inspirierend)<\/span><\/a><\/p>\n","protected":false},"author":7,"featured_media":2007691,"comment_status":"open","ping_status":"open","sticky":false,"template":"","format":"standard","meta":{"_lmt_disableupdate":"","_lmt_disable":"","_wp_convertkit_post_meta":{"form":"-1","landing_page":"0","tag":"0","restrict_content":"0"},"footnotes":""},"categories":[400034],"tags":[],"class_list":["post-2007741","post","type-post","status-publish","format-standard","has-post-thumbnail","hentry","category-beruhmte-menschen"],"modified_by":"land-ash","_links":{"self":[{"href":"https:\/\/switzerlanding.com\/de\/wp-json\/wp\/v2\/posts\/2007741","targetHints":{"allow":["GET"]}}],"collection":[{"href":"https:\/\/switzerlanding.com\/de\/wp-json\/wp\/v2\/posts"}],"about":[{"href":"https:\/\/switzerlanding.com\/de\/wp-json\/wp\/v2\/types\/post"}],"author":[{"embeddable":true,"href":"https:\/\/switzerlanding.com\/de\/wp-json\/wp\/v2\/users\/7"}],"replies":[{"embeddable":true,"href":"https:\/\/switzerlanding.com\/de\/wp-json\/wp\/v2\/comments?post=2007741"}],"version-history":[{"count":0,"href":"https:\/\/switzerlanding.com\/de\/wp-json\/wp\/v2\/posts\/2007741\/revisions"}],"wp:featuredmedia":[{"embeddable":true,"href":"https:\/\/switzerlanding.com\/de\/wp-json\/wp\/v2\/media\/2007691"}],"wp:attachment":[{"href":"https:\/\/switzerlanding.com\/de\/wp-json\/wp\/v2\/media?parent=2007741"}],"wp:term":[{"taxonomy":"category","embeddable":true,"href":"https:\/\/switzerlanding.com\/de\/wp-json\/wp\/v2\/categories?post=2007741"},{"taxonomy":"post_tag","embeddable":true,"href":"https:\/\/switzerlanding.com\/de\/wp-json\/wp\/v2\/tags?post=2007741"}],"curies":[{"name":"wp","href":"https:\/\/api.w.org\/{rel}","templated":true}]}}