{"id":2012919,"date":"2022-11-03T09:43:11","date_gmt":"2022-11-03T09:43:11","guid":{"rendered":"https:\/\/switzerlanding.com\/freitag-flagship-store-tower-zuerich\/"},"modified":"2023-03-21T15:07:55","modified_gmt":"2023-03-21T15:07:55","slug":"freitag-flagship-store-tower-zuerich","status":"publish","type":"post","link":"https:\/\/switzerlanding.com\/de\/freitag-flagship-store-tower-zuerich\/","title":{"rendered":"Freitag Flagship Store &amp; Tower, Z\u00fcrich"},"content":{"rendered":"\n<p class=\"wp-block-paragraph\">Der Freitag-Flagshipstore in Z\u00fcrich ist ein ikonischer Turm, der sich fast \u00fcber die Bahnlinie lehnt, wenn man die Z\u00fcrcher Hardbr\u00fccke passiert.<\/p>\n\n\n\n<p class=\"wp-block-paragraph\">Ein kurzer Spaziergang vom Bahnhof f\u00fchrt Sie direkt zu diesem Turm aus Schiffscontainern. Schon auf den ersten Blick erkennt man, dass es sich um eine einzigartige und stilvolle Marke handelt. Es schreit aus der ganzen Umgebung &#8222;Schau mich an&#8220;!<\/p><div id=\"optin-modal\"><div id=\"cbox-BRlfvSz4W1GUO1Mo\"><\/div><\/div>\n\n\n\n<h2 class=\"wp-block-heading\">Geschichte von Freitag<\/h2>\n\n\n\n<figure class=\"wp-block-image size-full\"><img loading=\"lazy\" decoding=\"async\" width=\"1000\" height=\"750\" src=\"https:\/\/switzerlanding.com\/wp-content\/uploads\/2022\/11\/Freitag-Displays.jpg\" alt=\"Freitag Taschen im Flagshipstore\" class=\"wp-image-1962\" srcset=\"https:\/\/switzerlanding.com\/wp-content\/uploads\/2022\/11\/Freitag-Displays.jpg 1000w, https:\/\/switzerlanding.com\/wp-content\/uploads\/2022\/11\/Freitag-Displays-600x450.jpg 600w, https:\/\/switzerlanding.com\/wp-content\/uploads\/2022\/11\/Freitag-Displays-300x225.jpg 300w, https:\/\/switzerlanding.com\/wp-content\/uploads\/2022\/11\/Freitag-Displays-768x576.jpg 768w\" sizes=\"auto, (max-width: 1000px) 100vw, 1000px\" \/><figcaption class=\"wp-element-caption\">Freitag Taschen im Flagshipstore<\/figcaption><\/figure>\n\n\n\n<p class=\"wp-block-paragraph\">Freitag wurde <a href=\"https:\/\/www.freitag.ch\/en\/history\" target=\"_blank\" rel=\"noreferrer noopener\">1993<\/a> in einer Wohnung mit Blick auf die Hardbr\u00fccke von den Br\u00fcdern Daniel und Markus Freitag gegr\u00fcndet. Sie lie\u00dfen sich von den zahlreichen vorbeifahrenden Lastwagen und den verschwendeten Planen \u00fcber ihrer Ladung inspirieren. Also verwendeten sie recycelte LKW-Planen, Sicherheitsgurte und alte Fahrradschl\u00e4uche, um ihre ersten Taschen herzustellen.  <\/p>\n\n\n\n<p class=\"wp-block-paragraph\">Sie stellen ihre Taschen auch heute noch auf diese Weise her. Sie sind robust und stilvoll, und aus irgendeinem seltsamen Grund sind sie im Laufe der Jahre richtig trendy geworden. Jeder Z\u00fcrcher, der etwas auf sich h\u00e4lt, hat eines. Meiner sieht immer noch so aus, als k\u00f6nnte er mindestens noch ein paar Jahrzehnte halten!<\/p>\n\n\n\n<h2 class=\"wp-block-heading\">Der Freitag Flagship Store &amp; Turm<\/h2>\n\n\n<div class=\"wp-block-image\">\n<figure class=\"aligncenter size-full\"><img loading=\"lazy\" decoding=\"async\" width=\"600\" height=\"800\" src=\"https:\/\/switzerlanding.com\/wp-content\/uploads\/2022\/11\/Freitag-Flagship-Store-Tower-Zurich.jpg\" alt=\"Freitag Flaghsip store\" class=\"wp-image-1964\" srcset=\"https:\/\/switzerlanding.com\/wp-content\/uploads\/2022\/11\/Freitag-Flagship-Store-Tower-Zurich.jpg 600w, https:\/\/switzerlanding.com\/wp-content\/uploads\/2022\/11\/Freitag-Flagship-Store-Tower-Zurich-225x300.jpg 225w\" sizes=\"auto, (max-width: 600px) 100vw, 600px\" \/><figcaption class=\"wp-element-caption\">Freitag Flaghsip store<\/figcaption><\/figure>\n<\/div>\n\n\n<p class=\"wp-block-paragraph\">Der Freitag-Flagshipstore muss in der N\u00e4he ihrer ersten Wohnung liegen! Seit 2006 befinden sich das Gesch\u00e4ft und der Turm direkt neben der Hardbr\u00fccke. Bei der Marke dreht sich alles um Recycling. So besteht der Turm auch aus 19 wiederverwendeten und etwas verrosteten Schiffscontainern.<\/p>\n\n\n\n<p class=\"wp-block-paragraph\">Diese Container sind so gestapelt, dass sie in den ersten Etagen einen Laden bilden, dann einen Turm mit einer Treppe, die direkt zu einer beeindruckenden Aussichtsplattform f\u00fchrt.  <\/p>\n\n\n<div class=\"wp-block-image\">\n<figure class=\"aligncenter size-full is-resized\"><img loading=\"lazy\" decoding=\"async\" src=\"https:\/\/switzerlanding.com\/wp-content\/uploads\/2022\/11\/Freitag-Tower-Stairs.jpg\" alt=\"Treppe, die zur Aussichtsplattform f\u00fchrt\" class=\"wp-image-1968\" width=\"750\" height=\"563\" srcset=\"https:\/\/switzerlanding.com\/wp-content\/uploads\/2022\/11\/Freitag-Tower-Stairs.jpg 1000w, https:\/\/switzerlanding.com\/wp-content\/uploads\/2022\/11\/Freitag-Tower-Stairs-600x450.jpg 600w, https:\/\/switzerlanding.com\/wp-content\/uploads\/2022\/11\/Freitag-Tower-Stairs-300x225.jpg 300w, https:\/\/switzerlanding.com\/wp-content\/uploads\/2022\/11\/Freitag-Tower-Stairs-768x576.jpg 768w\" sizes=\"auto, (max-width: 750px) 100vw, 750px\" \/><figcaption class=\"wp-element-caption\">Treppe, die zur Aussichtsplattform f\u00fchrt<\/figcaption><\/figure>\n<\/div>\n\n\n<p class=\"wp-block-paragraph\">Von hier aus hat man einen herrlichen Blick auf den industriellen Teil der Stadt. Dazu geh\u00f6rt der gl\u00e4nzende neue Prime Tower neben der Br\u00fccke, aber in der anderen Richtung die ausgedehnte Stadt Z\u00fcrich und der See und die Berge dahinter.<\/p>\n\n\n<div class=\"wp-block-image\">\n<figure class=\"aligncenter size-large is-resized\"><img loading=\"lazy\" decoding=\"async\" src=\"https:\/\/switzerlanding.com\/wp-content\/uploads\/2022\/11\/Freitag-Tower-Prime-Tower-View-768x1024.jpg\" alt=\"Prime Tower und Hard b\u00fccke aus dem Gesch\u00e4ft Freitag\" class=\"wp-image-1967\" width=\"576\" height=\"768\"\/><figcaption class=\"wp-element-caption\">Prime Tower und Hard b\u00fccke aus dem Gesch\u00e4ft Freitag<\/figcaption><\/figure>\n<\/div>\n\n\n<p class=\"wp-block-paragraph\">Au\u00dferdem wurden freistehende Beobachtungsferngl\u00e4ser zur Verf\u00fcgung gestellt, mit denen Sie sich die Stadt im Detail ansehen k\u00f6nnen.<\/p>\n\n\n\n<figure class=\"wp-block-image size-full\"><img loading=\"lazy\" decoding=\"async\" width=\"1000\" height=\"750\" src=\"https:\/\/switzerlanding.com\/wp-content\/uploads\/2022\/11\/Freitag-Tower-City-View-1.jpg\" alt=\"Blick vom Aussichtsturm des Freitag Stores \u00fcber die Stadt Z\u00fcrich\" class=\"wp-image-1972\" srcset=\"https:\/\/switzerlanding.com\/wp-content\/uploads\/2022\/11\/Freitag-Tower-City-View-1.jpg 1000w, https:\/\/switzerlanding.com\/wp-content\/uploads\/2022\/11\/Freitag-Tower-City-View-1-600x450.jpg 600w, https:\/\/switzerlanding.com\/wp-content\/uploads\/2022\/11\/Freitag-Tower-City-View-1-300x225.jpg 300w, https:\/\/switzerlanding.com\/wp-content\/uploads\/2022\/11\/Freitag-Tower-City-View-1-768x576.jpg 768w\" sizes=\"auto, (max-width: 1000px) 100vw, 1000px\" \/><figcaption class=\"wp-element-caption\">Blick vom Aussichtsturm des Freitag Stores \u00fcber die Stadt Z\u00fcrich<\/figcaption><\/figure>\n\n\n\n<h2 class=\"wp-block-heading\">Freitag Store Standort &amp; \u00d6ffnungszeiten<\/h2>\n\n\n\n<p class=\"wp-block-paragraph\">Wenn Sie die Freitag-Filiale selbst besuchen m\u00f6chten, fahren Sie einfach zum Bahnhof Z\u00fcrich Hardbr\u00fccke, gehen Sie \u00fcber den Hauptausgang und biegen Sie in die erste Stra\u00dfe rechts ein. Es ist nur ein paar Meter die Stra\u00dfe hinunter. Es liegt direkt neben <a href=\"https:\/\/switzerlanding.com\/de\/frau-gerolds-garten-zuerich\/\" target=\"_blank\" rel=\"noreferrer noopener\">Frau Gerolds Garten<\/a>. Sie k\u00f6nnen es <a href=\"https:\/\/goo.gl\/maps\/SQoZrMAKmtxYTpeS9\" target=\"_blank\" rel=\"noreferrer noopener\">hier auf Google Maps<\/a> finden.<\/p>\n\n\n\n<p class=\"wp-block-paragraph\">Der Freitag Flagship Store ist ge\u00f6ffnet:<\/p>\n\n\n\n<ul class=\"wp-block-list\">\n<li>Montag &#8211; Freitag: 11.00 Uhr &#8211; 19.00 Uhr<\/li>\n\n\n\n<li>Samstag: 10.00 Uhr &#8211; 18.00 Uhr<\/li>\n<\/ul>\n\n\n\n<h2 class=\"wp-block-heading\">Das Innere des Freitag Flagship Store<\/h2>\n\n\n\n<figure class=\"wp-block-image size-full\"><img loading=\"lazy\" decoding=\"async\" width=\"1000\" height=\"750\" src=\"https:\/\/switzerlanding.com\/wp-content\/uploads\/2022\/11\/Freitag-Bags-Boxes.jpg\" alt=\"Freitag Taschen in Kartons\" class=\"wp-image-1959\" srcset=\"https:\/\/switzerlanding.com\/wp-content\/uploads\/2022\/11\/Freitag-Bags-Boxes.jpg 1000w, https:\/\/switzerlanding.com\/wp-content\/uploads\/2022\/11\/Freitag-Bags-Boxes-600x450.jpg 600w, https:\/\/switzerlanding.com\/wp-content\/uploads\/2022\/11\/Freitag-Bags-Boxes-300x225.jpg 300w, https:\/\/switzerlanding.com\/wp-content\/uploads\/2022\/11\/Freitag-Bags-Boxes-768x576.jpg 768w\" sizes=\"auto, (max-width: 1000px) 100vw, 1000px\" \/><figcaption class=\"wp-element-caption\">Freitag Taschen in Kartons<\/figcaption><\/figure>\n\n\n\n<p class=\"wp-block-paragraph\">Das Freitag-Team hat den recycelten und industriellen Look und das Gef\u00fchl in den gesamten Laden integriert. Eine offene Metalltreppe f\u00fchrt Sie zu den verschiedenen Etagen. mit freiliegenden Metallw\u00e4nden und gro\u00dfen Glasfenstern \u00fcberall. Au\u00dferdem gibt es Informationspunkte, an denen man sich \u00fcber alte Telefone verschiedene Aspekte der Taschenproduktion und der Geschichte anh\u00f6ren kann.<\/p>\n\n\n\n<figure class=\"wp-block-image size-full\"><img loading=\"lazy\" decoding=\"async\" width=\"1000\" height=\"750\" src=\"https:\/\/switzerlanding.com\/wp-content\/uploads\/2022\/11\/Fretiag-Information.jpg\" alt=\"Freitag-Infostelle in der Filiale\" class=\"wp-image-1969\" srcset=\"https:\/\/switzerlanding.com\/wp-content\/uploads\/2022\/11\/Fretiag-Information.jpg 1000w, https:\/\/switzerlanding.com\/wp-content\/uploads\/2022\/11\/Fretiag-Information-600x450.jpg 600w, https:\/\/switzerlanding.com\/wp-content\/uploads\/2022\/11\/Fretiag-Information-300x225.jpg 300w, https:\/\/switzerlanding.com\/wp-content\/uploads\/2022\/11\/Fretiag-Information-768x576.jpg 768w\" sizes=\"auto, (max-width: 1000px) 100vw, 1000px\" \/><figcaption class=\"wp-element-caption\">Freitag-Infostelle in der Filiale<\/figcaption><\/figure>\n\n\n\n<p class=\"wp-block-paragraph\">Die Vitrinen sind oft aus Pappe und enthalten manchmal Hunderte von Varianten der einzigartigen Freitag-Taschen.  <\/p>\n\n\n<div class=\"wp-block-image\">\n<figure class=\"aligncenter size-full is-resized\"><img loading=\"lazy\" decoding=\"async\" src=\"https:\/\/switzerlanding.com\/wp-content\/uploads\/2022\/11\/Freitag-boxes.jpg\" alt=\"Freitag Taschenboxen\" class=\"wp-image-1960\" width=\"450\" height=\"600\" srcset=\"https:\/\/switzerlanding.com\/wp-content\/uploads\/2022\/11\/Freitag-boxes.jpg 600w, https:\/\/switzerlanding.com\/wp-content\/uploads\/2022\/11\/Freitag-boxes-225x300.jpg 225w\" sizes=\"auto, (max-width: 450px) 100vw, 450px\" \/><figcaption class=\"wp-element-caption\">Freitag Taschenboxen<\/figcaption><\/figure>\n<\/div>\n\n\n<p class=\"wp-block-paragraph\">Nat\u00fcrlich gibt es nicht nur Taschen, sondern auch Handytaschen, Geldb\u00f6rsen, Handtaschen und alle Arten von Rucks\u00e4cken und Taschen. Wenn Sie genug Geld haben, werden Sie diesen Freitag-Laden bestimmt nicht mit leeren H\u00e4nden verlassen.<\/p>\n\n\n<div class=\"wp-block-image\">\n<figure class=\"aligncenter size-full\"><img loading=\"lazy\" decoding=\"async\" width=\"600\" height=\"800\" src=\"https:\/\/switzerlanding.com\/wp-content\/uploads\/2022\/11\/Freitag-Display2.jpg\" alt=\"Freitag Produkte  \" class=\"wp-image-1961\" srcset=\"https:\/\/switzerlanding.com\/wp-content\/uploads\/2022\/11\/Freitag-Display2.jpg 600w, https:\/\/switzerlanding.com\/wp-content\/uploads\/2022\/11\/Freitag-Display2-225x300.jpg 225w\" sizes=\"auto, (max-width: 600px) 100vw, 600px\" \/><figcaption class=\"wp-element-caption\">Freitag Produkte h\u00e4ngen an der Wand<\/figcaption><\/figure>\n<\/div>\n\n\n<figure class=\"wp-block-image size-full\"><img loading=\"lazy\" decoding=\"async\" width=\"1000\" height=\"750\" src=\"https:\/\/switzerlanding.com\/wp-content\/uploads\/2022\/11\/Freitag-bags-up-close.jpg\" alt=\"Freitag Taschen aus der N\u00e4he\" class=\"wp-image-1976\" srcset=\"https:\/\/switzerlanding.com\/wp-content\/uploads\/2022\/11\/Freitag-bags-up-close.jpg 1000w, https:\/\/switzerlanding.com\/wp-content\/uploads\/2022\/11\/Freitag-bags-up-close-600x450.jpg 600w, https:\/\/switzerlanding.com\/wp-content\/uploads\/2022\/11\/Freitag-bags-up-close-300x225.jpg 300w, https:\/\/switzerlanding.com\/wp-content\/uploads\/2022\/11\/Freitag-bags-up-close-768x576.jpg 768w\" sizes=\"auto, (max-width: 1000px) 100vw, 1000px\" \/><figcaption class=\"wp-element-caption\">Freitag Taschen aus der N\u00e4he<\/figcaption><\/figure>\n\n\n\n<figure class=\"wp-block-image size-full\"><img loading=\"lazy\" decoding=\"async\" width=\"1000\" height=\"750\" src=\"https:\/\/switzerlanding.com\/wp-content\/uploads\/2022\/11\/Freitag-staff-picks.jpg\" alt=\"Freitag Personalauswahl\" class=\"wp-image-1975\" srcset=\"https:\/\/switzerlanding.com\/wp-content\/uploads\/2022\/11\/Freitag-staff-picks.jpg 1000w, https:\/\/switzerlanding.com\/wp-content\/uploads\/2022\/11\/Freitag-staff-picks-600x450.jpg 600w, https:\/\/switzerlanding.com\/wp-content\/uploads\/2022\/11\/Freitag-staff-picks-300x225.jpg 300w, https:\/\/switzerlanding.com\/wp-content\/uploads\/2022\/11\/Freitag-staff-picks-768x576.jpg 768w\" sizes=\"auto, (max-width: 1000px) 100vw, 1000px\" \/><figcaption class=\"wp-element-caption\">Freitag Personalauswahl<\/figcaption><\/figure>\n\n\n\n<p class=\"wp-block-paragraph\"><\/p>\n<div id=\"cbox-MK1RyCaD7WIHgKVl\"><\/div><\/p>","protected":false},"excerpt":{"rendered":"<p>Der Freitag-Flagshipstore in Z\u00fcrich ist ein ikonischer Turm, der sich fast \u00fcber die Bahnlinie lehnt, wenn man die Z\u00fcrcher Hardbr\u00fccke passiert. Ein kurzer Spaziergang vom Bahnhof f\u00fchrt Sie direkt zu diesem Turm aus Schiffscontainern. Schon auf den ersten Blick erkennt man, dass es sich um eine einzigartige und stilvolle Marke handelt. Es schreit aus der [&#8230;]<\/p>\n<p><a class=\"btn btn-secondary understrap-read-more-link\" href=\"https:\/\/switzerlanding.com\/de\/freitag-flagship-store-tower-zuerich\/\">Weiterlesen\u00a0\u2026<span class=\"screen-reader-text\"> from Freitag Flagship Store &amp; Tower, Z\u00fcrich<\/span><\/a><\/p>\n","protected":false},"author":7,"featured_media":2006206,"comment_status":"open","ping_status":"open","sticky":false,"template":"","format":"standard","meta":{"_lmt_disableupdate":"","_lmt_disable":"","_wp_convertkit_post_meta":{"form":"-1","landing_page":"0","tag":"0","restrict_content":"0"},"footnotes":"","_yoast_wpseo_title":"","_yoast_wpseo_metadesc":"","_yoast_wpseo_focuskw":"","rank_math_title":"","rank_math_description":"Erleben Sie den ikonischen Freitag-Flagshipstore in Z\u00fcrich. Der Turm lehnt sich \u00fcber die Bahnlinie, wenn Sie die Hardbr\u00fccke passieren. Entdecken Sie mehr...","rank_math_focus_keyword":"","_members_access_role":[],"_members_access_error":""},"categories":[400032],"tags":[],"class_list":["post-2012919","post","type-post","status-publish","format-standard","has-post-thumbnail","hentry","category-sehenswurdigkeiten"],"modified_by":"land-ash","_links":{"self":[{"href":"https:\/\/switzerlanding.com\/de\/wp-json\/wp\/v2\/posts\/2012919","targetHints":{"allow":["GET"]}}],"collection":[{"href":"https:\/\/switzerlanding.com\/de\/wp-json\/wp\/v2\/posts"}],"about":[{"href":"https:\/\/switzerlanding.com\/de\/wp-json\/wp\/v2\/types\/post"}],"author":[{"embeddable":true,"href":"https:\/\/switzerlanding.com\/de\/wp-json\/wp\/v2\/users\/7"}],"replies":[{"embeddable":true,"href":"https:\/\/switzerlanding.com\/de\/wp-json\/wp\/v2\/comments?post=2012919"}],"version-history":[{"count":0,"href":"https:\/\/switzerlanding.com\/de\/wp-json\/wp\/v2\/posts\/2012919\/revisions"}],"wp:featuredmedia":[{"embeddable":true,"href":"https:\/\/switzerlanding.com\/de\/wp-json\/wp\/v2\/media\/2006206"}],"wp:attachment":[{"href":"https:\/\/switzerlanding.com\/de\/wp-json\/wp\/v2\/media?parent=2012919"}],"wp:term":[{"taxonomy":"category","embeddable":true,"href":"https:\/\/switzerlanding.com\/de\/wp-json\/wp\/v2\/categories?post=2012919"},{"taxonomy":"post_tag","embeddable":true,"href":"https:\/\/switzerlanding.com\/de\/wp-json\/wp\/v2\/tags?post=2012919"}],"curies":[{"name":"wp","href":"https:\/\/api.w.org\/{rel}","templated":true}]}}