{"id":2012937,"date":"2022-11-02T16:26:02","date_gmt":"2022-11-02T16:26:02","guid":{"rendered":"https:\/\/switzerlanding.com\/wildtiere-in-der-schweiz-9-tiere-die-man-in-den-schweizer-alpen-sehen-kann\/"},"modified":"2023-03-21T20:18:22","modified_gmt":"2023-03-21T20:18:22","slug":"wildtiere-schweiz","status":"publish","type":"post","link":"https:\/\/switzerlanding.com\/de\/wildtiere-schweiz\/","title":{"rendered":"Wildtiere in der Schweiz: Tiere in den Schweizer Alpen"},"content":{"rendered":"\n<p class=\"wp-block-paragraph\">Beim Wandern in der Schweiz werden Sie mit atemberaubenden Ausblicken auf die hoch aufragenden Alpen, gr\u00fcnen T\u00e4ler und Gletscherseen belohnt. Dank der Naturschutzpolitik haben Sie auf Ihrer Wanderung durch die Landschaft auch die M\u00f6glichkeit, die einzigartige und faszinierende Tierwelt des Alpenlandes zu beobachten.<\/p>\n\n\n\n<p class=\"wp-block-paragraph\">Wie in den meisten europ\u00e4ischen L\u00e4ndern begann die Wildtierpopulation in der Schweiz zwischen dem 17. und 19. Jahrhundert zu schwinden. Das Eindringen der Zivilisation, die Bejagung und der Verlust von Lebensraum f\u00fchrten zu einem R\u00fcckgang der Tierpopulationen auf ein Niveau, das weit unter dem historischen Niveau liegt. Tiere wie W\u00f6lfe und B\u00e4ren wurden sogar \u00fcber ein Jahrhundert lang f\u00fcr ausgestorben erkl\u00e4rt.<\/p><div id=\"optin-modal\"><div id=\"cbox-BRlfvSz4W1GUO1Mo\"><\/div><\/div>\n\n\n\n<p class=\"wp-block-paragraph\">Heute hat sich der Wildtierbestand in der Schweiz wieder erholt. Einige Arten sind aus Italien wieder ins Land gekommen, andere wurden von Natursch\u00fctzern wieder angesiedelt. Ihr Einsatz erm\u00f6glicht es der Bev\u00f6lkerung und den Besuchern der Schweiz, einen Blick auf die folgenden Tiere zu werfen. Einige kann man das ganze Jahr \u00fcber beobachten, andere sind nur in den w\u00e4rmeren Monaten zu sehen.<\/p>\n\n\n\n<h2 class=\"wp-block-heading\">Steinadler<\/h2>\n\n\n\n<figure class=\"wp-block-image size-full\"><img loading=\"lazy\" decoding=\"async\" width=\"800\" height=\"533\" src=\"https:\/\/switzerlanding.com\/wp-content\/uploads\/2022\/11\/Golden-Eagle.png\" alt=\"Steinadler\" class=\"wp-image-1993\" srcset=\"https:\/\/switzerlanding.com\/wp-content\/uploads\/2022\/11\/Golden-Eagle.png 800w, https:\/\/switzerlanding.com\/wp-content\/uploads\/2022\/11\/Golden-Eagle-600x400.png 600w, https:\/\/switzerlanding.com\/wp-content\/uploads\/2022\/11\/Golden-Eagle-300x200.png 300w, https:\/\/switzerlanding.com\/wp-content\/uploads\/2022\/11\/Golden-Eagle-768x512.png 768w\" sizes=\"auto, (max-width: 800px) 100vw, 800px\" \/><figcaption class=\"wp-element-caption\">Steinadler<\/figcaption><\/figure>\n\n\n\n<p class=\"wp-block-paragraph\"><a href=\"https:\/\/www.vogelwarte.ch\/en\/birds\/birds-of-switzerland\/golden-eagle\" target=\"_blank\" rel=\"noreferrer noopener\">Der Steinadler<\/a>, ein bemerkenswertes Gesch\u00f6pf mit einer Fl\u00fcgelspannweite von \u00fcber 2 Metern, wird als &#8222;K\u00f6nig der L\u00fcfte&#8220; bezeichnet, da er den Himmel \u00fcber den Alpen beherrscht. Die riesigen V\u00f6gel sind \u00e4u\u00dferst territorial und ern\u00e4hren sich im Winter und Sommer von Murmeltieren und im Winter von Huftierkadavern.<\/p>\n\n\n\n<p class=\"wp-block-paragraph\">Steinadler waren einst in ganz Mitteleuropa sehr verbreitet. Im 19. und 20. Jahrhundert wurden sie fast bis zur Ausrottung gejagt, konnten aber in geringer Zahl \u00fcberleben. Die Regierung griff ein und <a href=\"https:\/\/www.nationalpark.ch\/en\/flora-and-fauna\/animals\/golden-eagle\/\" target=\"_blank\" rel=\"noreferrer noopener\">rettete die seltenen V\u00f6gel vor dem v\u00f6lligen Aussterben<\/a>. Die Population hat sich inzwischen erholt, und die Schweizerische Vogelwarte berichtet, dass es in der Schweiz etwa 300 Steinadlerpaare gibt.<\/p>\n\n\n\n<p class=\"wp-block-paragraph\">In freier Wildbahn erkennt man den Steinadler an seiner gro\u00dfen Fl\u00fcgelspannweite und seiner dunkelbraunen Farbe mit einem goldenen Schimmer auf dem Hinterkopf und im Nacken. Die j\u00fcngeren V\u00f6gel haben wei\u00dfe Flecken auf den Fl\u00fcgeln und an der Schwanzwurzel. Sechs Paare leben auch in den Nationalparks <a href=\"https:\/\/switzerlanding.com\/de\/besten-national-naturparks\/\" target=\"_blank\" rel=\"noreferrer noopener\">der Schweiz<\/a>.<\/p>\n\n\n\n<h2 class=\"wp-block-heading\">Schneehase<\/h2>\n\n\n\n<figure class=\"wp-block-image size-full\"><img loading=\"lazy\" decoding=\"async\" width=\"1024\" height=\"768\" src=\"https:\/\/switzerlanding.com\/wp-content\/uploads\/2022\/12\/mountain-hare-switzerland.jpg\" alt=\"Feldhase in den Schweizer Alpen\" class=\"wp-image-1005099\" srcset=\"https:\/\/switzerlanding.com\/wp-content\/uploads\/2022\/12\/mountain-hare-switzerland.jpg 1024w, https:\/\/switzerlanding.com\/wp-content\/uploads\/2022\/12\/mountain-hare-switzerland-600x450.jpg 600w, https:\/\/switzerlanding.com\/wp-content\/uploads\/2022\/12\/mountain-hare-switzerland-300x225.jpg 300w, https:\/\/switzerlanding.com\/wp-content\/uploads\/2022\/12\/mountain-hare-switzerland-768x576.jpg 768w\" sizes=\"auto, (max-width: 1024px) 100vw, 1024px\" \/><figcaption class=\"wp-element-caption\">Feldhase in den Schweizer Alpen &#8211; Bild via <a href=\"https:\/\/upload.wikimedia.org\/wikipedia\/commons\/thumb\/4\/44\/Lepus_timidus_01.JPG\/1024px-Lepus_timidus_01.JPG\" target=\"_blank\" rel=\"noreferrer noopener nofollow\">Wikimedia<\/a><\/figcaption><\/figure>\n\n\n\n<p class=\"wp-block-paragraph\"><a href=\"https:\/\/www.nationalpark.ch\/en\/flora-and-fauna\/animals\/mountain-hare\/\" target=\"_blank\" rel=\"noreferrer noopener\">Der Feldhase<\/a> ist eine Hasenart, die sich von den \u00fcblichen Hasenarten unterscheidet. Es handelt sich eher um ein Alpentier mit Merkmalen, die an bergige und polare Lebensr\u00e4ume angepasst sind, wie etwa ein gedrungener K\u00f6rperbau, kleine Ohren und breite Hinterbeine. Ihre Unterarme sind kleiner und liegen enger zusammen. Sein graues Fell f\u00e4rbt sich im Winter wei\u00df, um ihn vor Raubtieren zu tarnen.<\/p>\n\n\n\n<p class=\"wp-block-paragraph\">Der Tourismus und der Bau von Skigebieten haben den Feldhasen in Lebensr\u00e4ume gedr\u00e4ngt, in denen er nicht heimisch ist, wie z. B. in den Ebenen und W\u00e4ldern. Im Winter sieht man sie in den Alpen nur selten, da ihr wei\u00dfes Fell mit dem Schnee verschmilzt.<\/p>\n\n\n\n<p class=\"wp-block-paragraph\">Auf Winterwanderungen in den Schweizer Nationalparks k\u00f6nnen Sie die Spuren des Schneehasen entdecken.<\/p>\n\n\n\n<h2 class=\"wp-block-heading\">Bartgeier<\/h2>\n\n\n\n<figure class=\"wp-block-image size-large\"><img loading=\"lazy\" decoding=\"async\" width=\"1024\" height=\"683\" src=\"https:\/\/switzerlanding.com\/wp-content\/uploads\/2022\/12\/bearded-vulture-switzerland-1024x683.jpg\" alt=\"Bartgeier\" class=\"wp-image-1005100\" srcset=\"https:\/\/switzerlanding.com\/wp-content\/uploads\/2022\/12\/bearded-vulture-switzerland-1024x683.jpg 1024w, https:\/\/switzerlanding.com\/wp-content\/uploads\/2022\/12\/bearded-vulture-switzerland-600x400.jpg 600w, https:\/\/switzerlanding.com\/wp-content\/uploads\/2022\/12\/bearded-vulture-switzerland-300x200.jpg 300w, https:\/\/switzerlanding.com\/wp-content\/uploads\/2022\/12\/bearded-vulture-switzerland-768x512.jpg 768w, https:\/\/switzerlanding.com\/wp-content\/uploads\/2022\/12\/bearded-vulture-switzerland.jpg 1140w\" sizes=\"auto, (max-width: 1024px) 100vw, 1024px\" \/><figcaption class=\"wp-element-caption\">Bartgeier &#8211; Bild \u00fcber <a href=\"https:\/\/commons.wikimedia.org\/wiki\/File:Bearded_Vulture_-_Catalan_Pyrenees_-_Spain_(25098398432).jpg\" target=\"_blank\" rel=\"noreferrer noopener nofollow\">wikimedia<\/a><\/figcaption><\/figure>\n\n\n\n<p class=\"wp-block-paragraph\"><a href=\"https:\/\/wwf.panda.org\/discover\/our_focus\/wildlife_practice\/profiles\/birds\/bearded_vulture\/\" target=\"_blank\" rel=\"noreferrer noopener\">Der Bartgeier<\/a>, einer der seltensten Greifv\u00f6gel Mitteleuropas, ist an seiner gro\u00dfen Spannweite (ca. 3 m), dem wei\u00dfen oder r\u00f6tlich-gelben Brust- und Kopfgefieder und den grauschwarzen Fl\u00fcgeln und dem Schwanz zu erkennen. Als Erwachsene haben sie Borsten an der Basis des Schnabels, die einem Bart \u00e4hneln.<\/p>\n\n\n\n<p class=\"wp-block-paragraph\">Die riesigen V\u00f6gel sind ausschlie\u00dflich in den Hochgebirgsregionen der Schweiz beheimatet und nisten auf hochgelegenen Felsvorspr\u00fcngen. Er wird umgangssprachlich L\u00e4mmergeier genannt, was \u00fcbersetzt &#8222;Lammgeier&#8220; bedeutet. Die V\u00f6gel hatten den Ruf, ein grausamer Killer von Vieh und sogar kleinen Kindern zu sein, und wurden im 19. In der zweiten H\u00e4lfte des 20. Jahrhunderts wurden sie von Natursch\u00fctzern im Schweizerischen Nationalpark wieder angesiedelt, wo man sie vor allem w\u00e4hrend der Brutzeit in der Luft fliegen sehen kann.<\/p>\n\n\n\n<h2 class=\"wp-block-heading\">Fuchs<\/h2>\n\n\n\n<figure class=\"wp-block-image size-full\"><img loading=\"lazy\" decoding=\"async\" width=\"800\" height=\"504\" src=\"https:\/\/switzerlanding.com\/wp-content\/uploads\/2022\/11\/Fox.png\" alt=\"Fuchs\" class=\"wp-image-1995\" srcset=\"https:\/\/switzerlanding.com\/wp-content\/uploads\/2022\/11\/Fox.png 800w, https:\/\/switzerlanding.com\/wp-content\/uploads\/2022\/11\/Fox-600x378.png 600w, https:\/\/switzerlanding.com\/wp-content\/uploads\/2022\/11\/Fox-300x189.png 300w, https:\/\/switzerlanding.com\/wp-content\/uploads\/2022\/11\/Fox-768x484.png 768w\" sizes=\"auto, (max-width: 800px) 100vw, 800px\" \/><figcaption class=\"wp-element-caption\">Fuchs<\/figcaption><\/figure>\n\n\n\n<p class=\"wp-block-paragraph\">Da Wolf und Luchs fast vollst\u00e4ndig verschwunden sind, ist <a href=\"https:\/\/www.wildnispark.ch\/en\/the-park\/langenberg-wildlife-park\/animals\/red-fox\" target=\"_blank\" rel=\"noreferrer noopener\">der Fuchs<\/a> heute das gr\u00f6\u00dfte Raubtier im Schweizerischen Nationalpark. Sie haben sich gut angepasst und sind in der Region weit verbreitet. Sie ern\u00e4hren sich von Murmeltieren, kleinen Nagetieren, Huftierkadavern und W\u00fcrmern.<\/p>\n\n\n\n<p class=\"wp-block-paragraph\">F\u00fcchse leben in Familienverb\u00e4nden und hausen in Erdh\u00f6hlen, wobei sie oft die H\u00f6hlen anderer Tiere nutzen, in denen sie \u00fcber Generationen hinweg leben k\u00f6nnen. Weibchen und M\u00e4nnchen und ihre \u00e4lteren Jungtiere k\u00fcmmern sich bis zum ersten Herbst des Jahres nach der Geburt um die Welpen, manchmal auch l\u00e4nger.<\/p>\n\n\n\n<p class=\"wp-block-paragraph\">F\u00fcchse sind Nachttiere, aber es ist m\u00f6glich, sie am fr\u00fchen Morgen zu sehen, wenn die Eltern ihren Jungen beim Spielen zusehen, bevor sie sie ins Bett bringen.<\/p>\n\n\n\n<h2 class=\"wp-block-heading\">Braunb\u00e4r<\/h2>\n\n\n\n<figure class=\"wp-block-image size-full\"><img loading=\"lazy\" decoding=\"async\" width=\"1024\" height=\"683\" src=\"https:\/\/switzerlanding.com\/wp-content\/uploads\/2022\/11\/Eurasian-brown-bear.jpeg\" alt=\"Braunb\u00e4r (Eurasian)\" class=\"wp-image-2573\" srcset=\"https:\/\/switzerlanding.com\/wp-content\/uploads\/2022\/11\/Eurasian-brown-bear.jpeg 1024w, https:\/\/switzerlanding.com\/wp-content\/uploads\/2022\/11\/Eurasian-brown-bear-600x400.jpeg 600w, https:\/\/switzerlanding.com\/wp-content\/uploads\/2022\/11\/Eurasian-brown-bear-300x200.jpeg 300w, https:\/\/switzerlanding.com\/wp-content\/uploads\/2022\/11\/Eurasian-brown-bear-768x512.jpeg 768w\" sizes=\"auto, (max-width: 1024px) 100vw, 1024px\" \/><figcaption class=\"wp-element-caption\">Braunb\u00e4r (Eurasian)<\/figcaption><\/figure>\n\n\n\n<p class=\"wp-block-paragraph\"><a href=\"https:\/\/switzerlanding.com\/de\/baeren-schweiz\/\" target=\"_blank\" data-type=\"post\" data-id=\"2565\" rel=\"noreferrer noopener\">Der Braunb\u00e4r<\/a>, der in der Schweiz vom Aussterben bedroht war, erlebt derzeit ein Comeback &#8211; eine erstaunliche Leistung, denn er war fast ein Jahrhundert lang v\u00f6llig ausgerottet, nachdem der letzte B\u00e4r 1904 erschossen worden war. Nach Angaben der Naturschutzorganisation KORA begannen fast sofort Diskussionen dar\u00fcber, wie man die Braunb\u00e4ren zur\u00fcckholen k\u00f6nnte.<\/p>\n\n\n\n<p class=\"wp-block-paragraph\">Bald darauf starteten Natursch\u00fctzer ein Programm zur Wiederansiedlung des Braunb\u00e4ren in der Schweiz, doch ihre Bem\u00fchungen blieben erfolglos. Erst Anfang 2017 freute sich der Kanton Bern, der den Braunb\u00e4ren als Symbol verwendet, \u00fcber einen wilden B\u00e4ren, der durch die Landschaft streifte. Die Bem\u00fchungen um ihre Wiederansiedlung im italienischen <a href=\"https:\/\/www.trentino.com\/en\/highlights\/nature-and-landscape\/nature-parks\/adamello-brenta-nature-park\/\" target=\"_blank\" rel=\"noreferrer noopener\">Adamello-Brenta-Naturpark<\/a> zu Beginn des Jahrtausends waren erfolgreich, und einer der B\u00e4ren wanderte in die Schweiz ein.<\/p>\n\n\n\n<h2 class=\"wp-block-heading\">Rothirsch<\/h2>\n\n\n\n<figure class=\"wp-block-image size-full\"><img loading=\"lazy\" decoding=\"async\" width=\"1024\" height=\"683\" src=\"https:\/\/switzerlanding.com\/wp-content\/uploads\/2022\/12\/wild-red-deer-switzerland.jpg\" alt=\"Wildes Rotwild\" class=\"wp-image-1005101\" srcset=\"https:\/\/switzerlanding.com\/wp-content\/uploads\/2022\/12\/wild-red-deer-switzerland.jpg 1024w, https:\/\/switzerlanding.com\/wp-content\/uploads\/2022\/12\/wild-red-deer-switzerland-600x400.jpg 600w, https:\/\/switzerlanding.com\/wp-content\/uploads\/2022\/12\/wild-red-deer-switzerland-300x200.jpg 300w, https:\/\/switzerlanding.com\/wp-content\/uploads\/2022\/12\/wild-red-deer-switzerland-768x512.jpg 768w\" sizes=\"auto, (max-width: 1024px) 100vw, 1024px\" \/><figcaption class=\"wp-element-caption\">Wilder Rothirsch in der Schweiz &#8211; Bild via <a href=\"https:\/\/commons.wikimedia.org\/wiki\/File:014_Wild_Red_Deer_Switzerland_Photo_by_Giles_Laurent.jpg\" target=\"_blank\" rel=\"noreferrer noopener nofollow\">wikimedia<\/a><\/figcaption><\/figure>\n\n\n\n<p class=\"wp-block-paragraph\">Das gr\u00f6\u00dfte Huftier der Schweiz, der Rothirsch, ist ein weiteres Tier, das im 19. Jahrhundert durch \u00dcberjagung ausgerottet wurde. Dies wiederum f\u00fchrte zum Aussterben der wandernden Raubtiere. Nachdem die Bejagung des Rothirsches von der Regierung verboten wurde, wanderten sie von \u00d6sterreich aus in die Schweiz ein, wo es keine nat\u00fcrlichen Raubtiere gab.<\/p>\n\n\n\n<p class=\"wp-block-paragraph\">Heute streifen fast 35.000 Rothirsche durch die Schweizer Alpen und die Nationalparks. Man erkennt sie an ihrem r\u00f6tlichen Fell, dem eindrucksvollen Geweih und den markanten Paarungsrufen.<\/p>\n\n\n\n<h2 class=\"wp-block-heading\">Alpensteinbock<\/h2>\n\n\n\n<figure class=\"wp-block-image size-full\"><img decoding=\"async\" src=\"https:\/\/switzerlanding.com\/wp-content\/uploads\/2022\/11\/Alpine-Ibex.png\" alt=\"Alpensteinbock\" class=\"wp-image-1996\"\/><figcaption class=\"wp-element-caption\">Alpensteinbock<\/figcaption><\/figure>\n\n\n\n<p class=\"wp-block-paragraph\">Der trittsichere und extrem wendige <a href=\"https:\/\/animalcorner.org\/animals\/alpine-ibex\/\" target=\"_blank\" rel=\"noreferrer noopener\">Alpensteinbock<\/a> ist ein ungew\u00f6hnlich aussehendes Tier mit ein Meter langen, gebogenen, s\u00e4belartigen H\u00f6rnern auf beiden Seiten des Kopfes. Die H\u00f6rner wachsen in der Regel jedes Jahr um einige Zentimeter in der L\u00e4nge. Obwohl sie schwer sind &#8211; bis zu 90 Kilogramm &#8211; sind sie anmutig und haben einen ausgepr\u00e4gten Gleichgewichtssinn.<\/p>\n\n\n\n<p class=\"wp-block-paragraph\">Diese wundersch\u00f6nen Tiere sind vor fast 200 Jahren vollst\u00e4ndig aus der Wildnis verschwunden. Anfang des 20. Jahrhunderts wurden drei Steinb\u00f6cke in der Schweiz wieder angesiedelt, nachdem sie aus Italien gestohlen worden waren. Heute ist der Steinbock mit rund 40.000 Exemplaren in den Bergen und im Flachland der Schweiz allgegenw\u00e4rtig.<\/p>\n\n\n\n<p class=\"wp-block-paragraph\">Ein guter Ort, um Steinb\u00f6cke zu beobachten, ist das <a href=\"https:\/\/www.verbier.ch\/summer\/inside\/destinations\/tourist-destinations\/upper-val-de-bagnes\/\" target=\"_blank\" rel=\"noreferrer noopener\">Naturreservat Oberes Bagnes-Tal<\/a> in der Schweiz. Halten Sie Ausschau nach ihnen in wilden und felsigen Gebieten, wo sie sich gerne vor Raubtieren verstecken.<\/p>\n\n\n\n<h2 class=\"wp-block-heading\">G\u00e4mse<\/h2>\n\n\n\n<figure class=\"wp-block-image size-full\"><img loading=\"lazy\" decoding=\"async\" width=\"1000\" height=\"665\" src=\"https:\/\/switzerlanding.com\/wp-content\/uploads\/2022\/11\/Chamois-switzerland.jpg\" alt=\"G\u00e4mse\" class=\"wp-image-2023\" srcset=\"https:\/\/switzerlanding.com\/wp-content\/uploads\/2022\/11\/Chamois-switzerland.jpg 1000w, https:\/\/switzerlanding.com\/wp-content\/uploads\/2022\/11\/Chamois-switzerland-600x399.jpg 600w, https:\/\/switzerlanding.com\/wp-content\/uploads\/2022\/11\/Chamois-switzerland-300x200.jpg 300w, https:\/\/switzerlanding.com\/wp-content\/uploads\/2022\/11\/Chamois-switzerland-768x511.jpg 768w\" sizes=\"auto, (max-width: 1000px) 100vw, 1000px\" \/><figcaption class=\"wp-element-caption\">G\u00e4mse<\/figcaption><\/figure>\n\n\n\n<p class=\"wp-block-paragraph\"><a href=\"https:\/\/www.myswitzerland.com\/en-au\/experiences\/summer-autumn\/excursions\/wildlife-watching\/wildlife-watching\/chamois\/\" target=\"_blank\" rel=\"noreferrer noopener\">Die G\u00e4mse<\/a> ist ein anmutiges, geh\u00f6rntes Tier mit Hufen, die eine Greiff\u00e4higkeit entwickelt haben, mit der sie \u00fcber steile Klippen von Fels zu Fels h\u00fcpfen k\u00f6nnen. Sie sind ausgezeichnete Kletterer, aber sehr scheu, so dass es selbst f\u00fcr erfahrene Kletterer und Wanderer schwierig ist, sie zu entdecken. Hinzu kommt die traurige Tatsache, dass ihre Zahl durch eine Kombination aus \u00dcberjagung, Krankheiten und der St\u00f6rung ihres nat\u00fcrlichen Lebensraums durch Kletterer und Skifahrer zur\u00fcckgeht. Au\u00dferdem werden sie aufgrund des Klimawandels in h\u00f6here Lagen gezwungen.<\/p>\n\n\n\n<p class=\"wp-block-paragraph\">Die weiblichen G\u00e4msen leben das ganze Jahr \u00fcber mit ihren Jungen in einer Herde, w\u00e4hrend die m\u00e4nnlichen Tiere in der Regel einzeln leben.<\/p>\n\n\n\n<h2 class=\"wp-block-heading\">Murmeltier<\/h2>\n\n\n\n<figure class=\"wp-block-image size-full\"><img loading=\"lazy\" decoding=\"async\" width=\"900\" height=\"675\" src=\"https:\/\/switzerlanding.com\/wp-content\/uploads\/2022\/10\/marmot-paradise-rochers-de-naye.jpg\" alt=\"Murmeltierparadies auf den Rochers de Naye\" class=\"wp-image-677\" srcset=\"https:\/\/switzerlanding.com\/wp-content\/uploads\/2022\/10\/marmot-paradise-rochers-de-naye.jpg 900w, https:\/\/switzerlanding.com\/wp-content\/uploads\/2022\/10\/marmot-paradise-rochers-de-naye-600x450.jpg 600w, https:\/\/switzerlanding.com\/wp-content\/uploads\/2022\/10\/marmot-paradise-rochers-de-naye-300x225.jpg 300w, https:\/\/switzerlanding.com\/wp-content\/uploads\/2022\/10\/marmot-paradise-rochers-de-naye-768x576.jpg 768w\" sizes=\"auto, (max-width: 900px) 100vw, 900px\" \/><figcaption class=\"wp-element-caption\">Murmeltiere auf den Rochers de Naye<\/figcaption><\/figure>\n\n\n\n<p class=\"wp-block-paragraph\">Die gr\u00f6\u00dfte Art der Sciuridae (Eichh\u00f6rnchenfamilie), das <a href=\"https:\/\/www.nationalpark.ch\/en\/flora-and-fauna\/animals\/marmot\/\" target=\"_blank\" rel=\"noreferrer noopener\">Murmeltier<\/a>, ist in den Schweizer Hochalpen in H\u00f6hen von 762 bis 3048 Metern zu finden. Sie haben ein ausgepr\u00e4gtes nagetier\u00e4hnliches Aussehen mit gro\u00dfen Vorderz\u00e4hnen und einem dichten Fell. Sie sind hervorragende Buddler und leben in H\u00f6hlen tief unter der Erde, um sich vor Gefahren zu sch\u00fctzen.<\/p>\n\n\n\n<p class=\"wp-block-paragraph\">Murmeltiere sind familienorientierte Tiere mit m\u00e4nnlichen und weiblichen Eltern, die sich um mehrere Nachkommen k\u00fcmmern. Sie erkannten einander durch Duftdr\u00fcsen in den Wangen, und sozialer Kontakt ist ihnen wichtig.<\/p>\n\n\n\n<p class=\"wp-block-paragraph\">Die herumtollenden Murmeltiere sind leicht auszumachen, und man kann sie oft an den Bergh\u00e4ngen herumwuseln sehen. Da sie im Winter einen Winterschlaf halten, sind sie in den w\u00e4rmeren Monaten aktiver. Ihre K\u00f6rperfunktionen verlangsamen sich w\u00e4hrend des Winterschlafs drastisch.<\/p>\n\n\n\n<p class=\"wp-block-paragraph\">Zusammen mit dem Steinbock ist das Murmeltier zu einem Teil der Schweizer Kultur geworden, und Bronzestatuen von herumtollenden Murmeltieren sowie ein lebensgro\u00dfer Bronzesteinbock sind die Hauptattraktionen des <a href=\"https:\/\/www.zermatt.ch\/en\/museum\" target=\"_blank\" rel=\"noreferrer noopener\">Matterhornmuseums in Zermatt<\/a>.<\/p>\n\n\n\n<h2 class=\"wp-block-heading\">Gef\u00e4hrliche Tiere in der Schweiz<\/h2>\n\n\n\n<p class=\"wp-block-paragraph\">Die meisten Tiere in der Schweiz sind nicht sehr gef\u00e4hrlich. Steinbock, G\u00e4mse, Adler, Geier, Murmeltier und Reh zum Beispiel werden Sie kaum bei lebendigem Leib auffressen.<\/p>\n\n\n\n<p class=\"wp-block-paragraph\">In den letzten Jahren haben jedoch einige gef\u00e4hrlichere Tiere ein Comeback erlebt. Tiere wie der Braunb\u00e4r und der Wolf sind heute in den Alpen anzutreffen und k\u00f6nnen als gef\u00e4hrlich eingestuft werden. Besonders der Braunb\u00e4r, der unberechenbar sein kann, wenn er \u00fcberrascht oder in die Enge getrieben wird.<\/p>\n\n\n\n<p class=\"wp-block-paragraph\">Auch in der Schweiz gibt es in einigen W\u00e4ldern und landwirtschaftlichen Gebieten Wildschweine, wenn auch nicht in gro\u00dfer Zahl. Sie kommen vor allem <a href=\"https:\/\/www.wildnispark.ch\/en\/the-park\/langenberg-wildlife-park\/animals\/wild-boar\" target=\"_blank\" rel=\"noreferrer noopener\">im Jura, im Wallis und im Tessin<\/a> vor und sind meist nachts zu sehen.<\/p>\n\n\n\n<p class=\"wp-block-paragraph\">Ein weiteres gef\u00e4hrliches Tier in der Schweiz ist die Europ\u00e4ische Viper. In all den Jahren, die ich in der Schweiz verbracht habe, habe ich nur eine gesehen, und die lag hoch in den Alpen in der N\u00e4he von St. Moritz in der Sonne.  <\/p>\n\n\n\n<p class=\"wp-block-paragraph\">Die Zahl dieser gef\u00e4hrlicheren Tiere ist gering, also haben Sie keine Angst, in den Alpen zu wandern!<\/p>\n\n\n\n<h2 class=\"wp-block-heading\">Wildtiere in der Schweiz &#8211; FAQ<\/h2>\n\n\n\n<figure class=\"wp-block-image size-full\"><img loading=\"lazy\" decoding=\"async\" width=\"800\" height=\"473\" src=\"https:\/\/switzerlanding.com\/wp-content\/uploads\/2022\/11\/Wolf.png\" alt=\"Wolf\" class=\"wp-image-1997\" srcset=\"https:\/\/switzerlanding.com\/wp-content\/uploads\/2022\/11\/Wolf.png 800w, https:\/\/switzerlanding.com\/wp-content\/uploads\/2022\/11\/Wolf-600x355.png 600w, https:\/\/switzerlanding.com\/wp-content\/uploads\/2022\/11\/Wolf-300x177.png 300w, https:\/\/switzerlanding.com\/wp-content\/uploads\/2022\/11\/Wolf-768x454.png 768w\" sizes=\"auto, (max-width: 800px) 100vw, 800px\" \/><figcaption class=\"wp-element-caption\">Wolf<\/figcaption><\/figure>\n\n\n\n<h3 class=\"wp-block-heading\">Gibt es W\u00f6lfe in den Schweizer Alpen?<\/h3>\n\n\n\n<p class=\"wp-block-paragraph\">Ja. Nach Angaben der Gruppe Wolf Schweiz leben \u00fcber 250 Rudel in der europ\u00e4ischen Alpenregion. In der Ostschweiz wurden Wolfsjunge gesichtet. Der Wolf ist nach geltendem Recht eine gesch\u00fctzte Art und darf erst nach der T\u00f6tung einer bestimmten Anzahl von Nutztieren geschlachtet werden.<\/p>\n\n\n\n<h3 class=\"wp-block-heading\">Gibt es in der Schweiz Schlangen?<\/h3>\n\n\n\n<p class=\"wp-block-paragraph\">Ja, die Aspisviper und die Kreuzotter kommen in der Schweiz vor. Beide sind giftige Schlangen. Die ungiftige \u00c4skulapnatter ist auch in der Schweiz beheimatet.<\/p>\n\n\n\n<h3 class=\"wp-block-heading\">Welches ist das Nationaltier der Schweiz?<\/h3>\n\n\n\n<p class=\"wp-block-paragraph\">Derzeit gibt es in der Schweiz kein Nationaltier. Im Laufe der Jahre wurden jedoch mehrere als Symbole verwendet, darunter die Kuh, das Murmeltier, der Steinbock, die Amsel und der Bernhardiner.<\/p>\n\n\n\n<h3 class=\"wp-block-heading\">Was ist das wichtigste Tier in der Schweiz?<\/h3>\n\n\n\n<p class=\"wp-block-paragraph\">Das wichtigste Tier, das Sie in der Schweiz sehen werden, ist die bescheidene Kuh. In der Schweiz gibt es rund 1,4 Millionen K\u00fche, die Sie fast \u00fcberall in den Schweizer Alpen und dar\u00fcber hinaus sehen werden.  <\/p>\n\n\n\n<h3 class=\"wp-block-heading\">D\u00fcrfen Touristen in den Schweizer Alpen V\u00f6gel und Wildtiere jagen?<\/h3>\n\n\n\n<p class=\"wp-block-paragraph\">Nein, Touristen d\u00fcrfen keine V\u00f6gel und Wildtiere jagen.<\/p>\n\n\n\n<h3 class=\"wp-block-heading\">Wann ist die beste Zeit, um in der Schweiz Wildtiere zu sehen?<\/h3>\n\n\n\n<p class=\"wp-block-paragraph\">Die beste Zeit, um in der Schweiz Wildtiere zu beobachten, ist in den trockeneren Monaten zwischen Mai und September, wenn der Schnee in den tieferen Regionen geschmolzen ist.<\/p>\n<div id=\"cbox-MK1RyCaD7WIHgKVl\"><\/div><\/p>","protected":false},"excerpt":{"rendered":"<p>Beim Wandern in der Schweiz werden Sie mit atemberaubenden Ausblicken auf die hoch aufragenden Alpen, gr\u00fcnen T\u00e4ler und Gletscherseen belohnt. Dank der Naturschutzpolitik haben Sie auf Ihrer Wanderung durch die Landschaft auch die M\u00f6glichkeit, die einzigartige und faszinierende Tierwelt des Alpenlandes zu beobachten. Wie in den meisten europ\u00e4ischen L\u00e4ndern begann die Wildtierpopulation in der Schweiz [&#8230;]<\/p>\n<p><a class=\"btn btn-secondary understrap-read-more-link\" href=\"https:\/\/switzerlanding.com\/de\/wildtiere-schweiz\/\">Weiterlesen\u00a0\u2026<span class=\"screen-reader-text\"> from Wildtiere in der Schweiz: Tiere in den Schweizer Alpen<\/span><\/a><\/p>\n","protected":false},"author":7,"featured_media":2006213,"comment_status":"open","ping_status":"open","sticky":false,"template":"","format":"standard","meta":{"_lmt_disableupdate":"","_lmt_disable":"","_wp_convertkit_post_meta":{"form":"-1","landing_page":"0","tag":"0","restrict_content":"0"},"footnotes":"","_yoast_wpseo_title":"","_yoast_wpseo_metadesc":"","_yoast_wpseo_focuskw":"","rank_math_title":"","rank_math_description":"Neugierig auf die Tierwelt der Schweiz? Entdecken Sie die einzigartige und faszinierende Tierwelt des Alpenlandes in diesem Artikel.","rank_math_focus_keyword":"","_members_access_role":[],"_members_access_error":""},"categories":[400040],"tags":[],"class_list":["post-2012937","post","type-post","status-publish","format-standard","has-post-thumbnail","hentry","category-hintergrund"],"modified_by":"land-ash","_links":{"self":[{"href":"https:\/\/switzerlanding.com\/de\/wp-json\/wp\/v2\/posts\/2012937","targetHints":{"allow":["GET"]}}],"collection":[{"href":"https:\/\/switzerlanding.com\/de\/wp-json\/wp\/v2\/posts"}],"about":[{"href":"https:\/\/switzerlanding.com\/de\/wp-json\/wp\/v2\/types\/post"}],"author":[{"embeddable":true,"href":"https:\/\/switzerlanding.com\/de\/wp-json\/wp\/v2\/users\/7"}],"replies":[{"embeddable":true,"href":"https:\/\/switzerlanding.com\/de\/wp-json\/wp\/v2\/comments?post=2012937"}],"version-history":[{"count":0,"href":"https:\/\/switzerlanding.com\/de\/wp-json\/wp\/v2\/posts\/2012937\/revisions"}],"wp:featuredmedia":[{"embeddable":true,"href":"https:\/\/switzerlanding.com\/de\/wp-json\/wp\/v2\/media\/2006213"}],"wp:attachment":[{"href":"https:\/\/switzerlanding.com\/de\/wp-json\/wp\/v2\/media?parent=2012937"}],"wp:term":[{"taxonomy":"category","embeddable":true,"href":"https:\/\/switzerlanding.com\/de\/wp-json\/wp\/v2\/categories?post=2012937"},{"taxonomy":"post_tag","embeddable":true,"href":"https:\/\/switzerlanding.com\/de\/wp-json\/wp\/v2\/tags?post=2012937"}],"curies":[{"name":"wp","href":"https:\/\/api.w.org\/{rel}","templated":true}]}}